{"id":1,"date":"2024-08-23T03:34:08","date_gmt":"2024-08-23T00:34:08","guid":{"rendered":"https:\/\/www.haberdanimarka.com\/tr-tr\/?p=1"},"modified":"2024-08-23T12:54:44","modified_gmt":"2024-08-23T09:54:44","slug":"haber-danimarka-yeniden-yayina-basladi","status":"publish","type":"post","link":"https:\/\/www.haberdanimarka.com\/tr-tr\/kurumsal\/haber-danimarka-yeniden-yayina-basladi\/1\/","title":{"rendered":"Haber Danimarka yeniden yay\u0131na ba\u015flad\u0131"},"content":{"rendered":"\n<p class=\"has-text-align-center\">Danimarka&#8217;n\u0131n yan\u0131 s\u0131ra kom\u015fu \u00fclkeleri \u0130sve\u00e7 ve Norve\u00e7 ile Finlandiya&#8217;dan da haberlerin yer ald\u0131\u011f\u0131 <a href=\"https:\/\/haberdanimarka.com\">Haber Danimarka<\/a> sitesi, yay\u0131n hayat\u0131na yeniden ba\u015flad\u0131.<\/p>\n","protected":false},"excerpt":{"rendered":"<p>Danimarka&#8217;n\u0131n yan\u0131 s\u0131ra kom\u015fu \u00fclkeleri \u0130sve\u00e7 ve Norve\u00e7 ile Finlandiya&#8217;dan da haberlerin yer ald\u0131\u011f\u0131 Haber Danimarka sitesi, yay\u0131n hayat\u0131na yeniden ba\u015flad\u0131.<\/p>\n","protected":false},"author":2,"featured_media":9,"comment_status":"closed","ping_status":"open","sticky":false,"template":"","format":"standard","meta":{"rank_math_lock_modified_date":false,"footnotes":""},"categories":[2],"tags":[],"coauthors":[],"class_list":["post-1","post","type-post","status-publish","format-standard","has-post-thumbnail","hentry","category-kurumsal"],"_links":{"self":[{"href":"https:\/\/www.haberdanimarka.com\/tr-tr\/wp-json\/wp\/v2\/posts\/1","targetHints":{"allow":["GET"]}}],"collection":[{"href":"https:\/\/www.haberdanimarka.com\/tr-tr\/wp-json\/wp\/v2\/posts"}],"about":[{"href":"https:\/\/www.haberdanimarka.com\/tr-tr\/wp-json\/wp\/v2\/types\/post"}],"author":[{"embeddable":true,"href":"https:\/\/www.haberdanimarka.com\/tr-tr\/wp-json\/wp\/v2\/users\/2"}],"replies":[{"embeddable":true,"href":"https:\/\/www.haberdanimarka.com\/tr-tr\/wp-json\/wp\/v2\/comments?post=1"}],"version-history":[{"count":5,"href":"https:\/\/www.haberdanimarka.com\/tr-tr\/wp-json\/wp\/v2\/posts\/1\/revisions"}],"predecessor-version":[{"id":41,"href":"https:\/\/www.haberdanimarka.com\/tr-tr\/wp-json\/wp\/v2\/posts\/1\/revisions\/41"}],"wp:featuredmedia":[{"embeddable":true,"href":"https:\/\/www.haberdanimarka.com\/tr-tr\/wp-json\/wp\/v2\/media\/9"}],"wp:attachment":[{"href":"https:\/\/www.haberdanimarka.com\/tr-tr\/wp-json\/wp\/v2\/media?parent=1"}],"wp:term":[{"taxonomy":"category","embeddable":true,"href":"https:\/\/www.haberdanimarka.com\/tr-tr\/wp-json\/wp\/v2\/categories?post=1"},{"taxonomy":"post_tag","embeddable":true,"href":"https:\/\/www.haberdanimarka.com\/tr-tr\/wp-json\/wp\/v2\/tags?post=1"},{"taxonomy":"author","embeddable":true,"href":"https:\/\/www.haberdanimarka.com\/tr-tr\/wp-json\/wp\/v2\/coauthors?post=1"}],"curies":[{"name":"wp","href":"https:\/\/api.w.org\/{rel}","templated":true}]}}